{"id":1062,"date":"2022-09-15T10:21:00","date_gmt":"2022-09-15T08:21:00","guid":{"rendered":"https:\/\/osteopathe-moreno.com\/?p=1062"},"modified":"2023-04-03T19:25:23","modified_gmt":"2023-04-03T17:25:23","slug":"formation-somato-emotionnelle","status":"publish","type":"post","link":"https:\/\/osteopathe-moreno.com\/index.php\/2022\/09\/15\/formation-somato-emotionnelle\/","title":{"rendered":"Formation &#8211; Somato \u00e9motionnelle"},"content":{"rendered":"\t\t<div data-elementor-type=\"wp-post\" data-elementor-id=\"1062\" class=\"elementor elementor-1062\">\n\t\t\t\t\t\t<section class=\"elementor-section elementor-top-section elementor-element elementor-element-d769a61 elementor-section-boxed elementor-section-height-default elementor-section-height-default wpr-particle-no wpr-jarallax-no wpr-parallax-no wpr-sticky-section-no wpr-equal-height-no\" data-id=\"d769a61\" data-element_type=\"section\" data-e-type=\"section\" data-settings=\"{&quot;background_background&quot;:&quot;classic&quot;}\">\n\t\t\t\t\t\t<div class=\"elementor-container elementor-column-gap-default\">\n\t\t\t\t\t<div class=\"elementor-column elementor-col-50 elementor-top-column elementor-element elementor-element-26603be\" data-id=\"26603be\" data-element_type=\"column\" data-e-type=\"column\">\n\t\t\t<div class=\"elementor-widget-wrap elementor-element-populated\">\n\t\t\t\t\t\t<div class=\"elementor-element elementor-element-d0453f5 elementor-widget elementor-widget-wpr-post-title\" data-id=\"d0453f5\" data-element_type=\"widget\" data-e-type=\"widget\" data-widget_type=\"wpr-post-title.default\">\n\t\t\t\t<div class=\"elementor-widget-container\">\n\t\t\t\t\t<h1 class=\"wpr-post-title\">Formation &#8211; Somato \u00e9motionnelle<\/h1>\t\t\t\t<\/div>\n\t\t\t\t<\/div>\n\t\t\t\t<div class=\"elementor-element elementor-element-9922ad8 elementor-widget-divider--separator-type-pattern elementor-widget-divider--no-spacing elementor-widget-divider--view-line elementor-widget elementor-widget-divider\" data-id=\"9922ad8\" data-element_type=\"widget\" data-e-type=\"widget\" data-widget_type=\"divider.default\">\n\t\t\t\t<div class=\"elementor-widget-container\">\n\t\t\t\t\t\t\t<div class=\"elementor-divider\" style=\"--divider-pattern-url: url(&quot;data:image\/svg+xml,%3Csvg xmlns=&#039;http:\/\/www.w3.org\/2000\/svg&#039; preserveAspectRatio=&#039;xMidYMid meet&#039; overflow=&#039;visible&#039; height=&#039;100%&#039; viewBox=&#039;0 0 126 26&#039; fill=&#039;black&#039; stroke=&#039;none&#039;%3E%3Cpath d=&#039;M3,10.2c2.6,0,2.6,2,2.6,3.2S4.4,16.5,3,16.5s-3-1.4-3-3.2S0.4,10.2,3,10.2z M18.8,10.2c1.7,0,3.2,1.4,3.2,3.2s-1.4,3.2-3.2,3.2c-1.7,0-3.2-1.4-3.2-3.2S17,10.2,18.8,10.2z M34.6,10.2c1.5,0,2.6,1.4,2.6,3.2s-0.5,3.2-1.9,3.2c-1.5,0-3.4-1.4-3.4-3.2S33.1,10.2,34.6,10.2z M50.5,10.2c1.7,0,3.2,1.4,3.2,3.2s-1.4,3.2-3.2,3.2c-1.7,0-3.3-0.9-3.3-2.6S48.7,10.2,50.5,10.2z M66.2,10.2c1.5,0,3.4,1.4,3.4,3.2s-1.9,3.2-3.4,3.2c-1.5,0-2.6-0.4-2.6-2.1S64.8,10.2,66.2,10.2z M82.2,10.2c1.7,0.8,2.6,1.4,2.6,3.2s-0.1,3.2-1.6,3.2c-1.5,0-3.7-1.4-3.7-3.2S80.5,9.4,82.2,10.2zM98.6,10.2c1.5,0,2.6,0.4,2.6,2.1s-1.2,4.2-2.6,4.2c-1.5,0-3.7-0.4-3.7-2.1S97.1,10.2,98.6,10.2z M113.4,10.2c1.2,0,2.2,0.9,2.2,3.2s-0.1,3.2-1.3,3.2s-3.1-1.4-3.1-3.2S112.2,10.2,113.4,10.2z&#039;\/%3E%3C\/svg%3E&quot;);\">\n\t\t\t<span class=\"elementor-divider-separator\">\n\t\t\t\t\t\t<\/span>\n\t\t<\/div>\n\t\t\t\t\t\t<\/div>\n\t\t\t\t<\/div>\n\t\t\t\t<div class=\"elementor-element elementor-element-3a153d1 wpr-post-info-align-center elementor-widget elementor-widget-wpr-post-info\" data-id=\"3a153d1\" data-element_type=\"widget\" data-e-type=\"widget\" data-widget_type=\"wpr-post-info.default\">\n\t\t\t\t<div class=\"elementor-widget-container\">\n\t\t\t\t\t<ul class=\"wpr-post-info wpr-post-info-vertical\"><li class=\"wpr-post-info-taxonomy\"><a href=\"https:\/\/osteopathe-moreno.com\/index.php\/category\/formation\/\">Formation<span class=\"tax-sep\">, <\/span><\/a><a href=\"https:\/\/osteopathe-moreno.com\/index.php\/category\/techniques\/\">Techniques<\/a><\/li><li class=\"wpr-post-info-date\"><span class=\"wpr-post-info-text\"><i aria-hidden=\"true\" class=\"far fa-calendar-alt\"><\/i><\/span><span>15 septembre 2022<\/span><\/li><\/ul>\t\t\t\t<\/div>\n\t\t\t\t<\/div>\n\t\t\t\t\t<\/div>\n\t\t<\/div>\n\t\t\t\t<div class=\"elementor-column elementor-col-50 elementor-top-column elementor-element elementor-element-7b67c56\" data-id=\"7b67c56\" data-element_type=\"column\" data-e-type=\"column\">\n\t\t\t<div class=\"elementor-widget-wrap elementor-element-populated\">\n\t\t\t\t\t\t<div class=\"elementor-element elementor-element-5af9496 elementor-widget elementor-widget-wpr-post-media\" data-id=\"5af9496\" data-element_type=\"widget\" data-e-type=\"widget\" data-widget_type=\"wpr-post-media.default\">\n\t\t\t\t<div class=\"elementor-widget-container\">\n\t\t\t\t\t<div class=\"wpr-featured-media-wrap\" data-caption=\"standard\"><div class=\"wpr-featured-media-image\" data-src=\"https:\/\/osteopathe-moreno.com\/wp-content\/uploads\/2023\/04\/image-1.jpeg\"><img decoding=\"async\" src=\"https:\/\/osteopathe-moreno.com\/wp-content\/uploads\/2023\/04\/image-1.jpeg\" alt=\"\"><\/div><\/div>\t\t\t\t<\/div>\n\t\t\t\t<\/div>\n\t\t\t\t\t<\/div>\n\t\t<\/div>\n\t\t\t\t\t<\/div>\n\t\t<\/section>\n\t\t\t\t<section class=\"elementor-section elementor-top-section elementor-element elementor-element-136022a elementor-section-boxed elementor-section-height-default elementor-section-height-default wpr-particle-no wpr-jarallax-no wpr-parallax-no wpr-sticky-section-no wpr-equal-height-no\" data-id=\"136022a\" data-element_type=\"section\" data-e-type=\"section\" data-settings=\"{&quot;background_background&quot;:&quot;classic&quot;}\">\n\t\t\t\t\t\t<div class=\"elementor-container elementor-column-gap-default\">\n\t\t\t\t\t<div class=\"elementor-column elementor-col-100 elementor-top-column elementor-element elementor-element-a19a548\" data-id=\"a19a548\" data-element_type=\"column\" data-e-type=\"column\">\n\t\t\t<div class=\"elementor-widget-wrap elementor-element-populated\">\n\t\t\t\t\t\t<div class=\"elementor-element elementor-element-f004632 elementor-widget elementor-widget-text-editor\" data-id=\"f004632\" data-element_type=\"widget\" data-e-type=\"widget\" data-widget_type=\"text-editor.default\">\n\t\t\t\t<div class=\"elementor-widget-container\">\n\t\t\t\t\t\t\t\t\t<div class=\"x11i5rnm xat24cr x1mh8g0r x1vvkbs xtlvy1s x126k92a\"><div dir=\"auto\"><div class=\"x11i5rnm xat24cr x1mh8g0r x1vvkbs xtlvy1s x126k92a\"><div dir=\"auto\"><div class=\"x11i5rnm xat24cr x1mh8g0r x1vvkbs xdj266r x126k92a\"><div dir=\"auto\">Nouvelle formation en vue !\u00a0<\/div><div dir=\"auto\">\u00a0<\/div><div dir=\"auto\">Le 22 et 23 septembre d\u00e9bute ma formation en somato emotionnel.<\/div><div dir=\"auto\">\u00a0<\/div><\/div><div class=\"x11i5rnm xat24cr x1mh8g0r x1vvkbs xtlvy1s x126k92a\"><div dir=\"auto\">Bient\u00f4t je reprend mes cahiers, mes stylos et mes crayons de couleur.<\/div><div dir=\"auto\">\u00a0<\/div><div dir=\"auto\">Je peux dire que je retourne \u00e9tudier, me former, pour am\u00e9liorer ma pratique.<\/div><div dir=\"auto\">\u00a0<\/div><div dir=\"auto\"><strong>Dans quel but ?<\/strong><\/div><div dir=\"auto\">Pouvoir aider mes patients au maximum et aussi \u00e9voluer en tant que personne.<\/div><div dir=\"auto\">\u00a0<\/div><\/div><div class=\"x11i5rnm xat24cr x1mh8g0r x1vvkbs xtlvy1s x126k92a\"><div dir=\"auto\">Si cela vous int\u00e9resse je vous parlerais plus en d\u00e9tail de cette formation et comment les \u00e9motions peuvent toucher, perturber votre corps.<\/div><div dir=\"auto\">\u00a0<\/div><\/div><div class=\"x11i5rnm xat24cr x1mh8g0r x1vvkbs xtlvy1s x126k92a\"><div dir=\"auto\">En parall\u00e8le, je commence une autre formation en<strong> bio \u00e9nerg\u00e9tique<\/strong> au sein de <a href=\"https:\/\/www.facebook.com\/yogaenmoi\/\">@samadhi_yoga_lyon<\/a> d\u00e8s ce week end.<\/div><\/div><\/div><\/div><\/div><\/div>\t\t\t\t\t\t\t\t<\/div>\n\t\t\t\t<\/div>\n\t\t\t\t\t<\/div>\n\t\t<\/div>\n\t\t\t\t\t<\/div>\n\t\t<\/section>\n\t\t\t\t<section class=\"elementor-section elementor-top-section elementor-element elementor-element-b21db8a elementor-section-boxed elementor-section-height-default elementor-section-height-default wpr-particle-no wpr-jarallax-no wpr-parallax-no wpr-sticky-section-no wpr-equal-height-no\" data-id=\"b21db8a\" data-element_type=\"section\" data-e-type=\"section\">\n\t\t\t\t\t\t<div class=\"elementor-container elementor-column-gap-default\">\n\t\t\t\t\t<div class=\"elementor-column elementor-col-100 elementor-top-column elementor-element elementor-element-6bc0e46\" data-id=\"6bc0e46\" data-element_type=\"column\" data-e-type=\"column\">\n\t\t\t<div class=\"elementor-widget-wrap elementor-element-populated\">\n\t\t\t\t\t\t<div class=\"elementor-element elementor-element-76bfbb3 elementor-widget elementor-widget-text-editor\" data-id=\"76bfbb3\" data-element_type=\"widget\" data-e-type=\"widget\" data-widget_type=\"text-editor.default\">\n\t\t\t\t<div class=\"elementor-widget-container\">\n\t\t\t\t\t\t\t\t\t<p>Si vous souhaitez prendre rdv pour une consultation ost\u00e9opathique ou si vous avez des questions vous pouvez me joindre par sms, appel t\u00e9l\u00e9phonique, email ou prendre rdv sur Doctolib.<\/p>\t\t\t\t\t\t\t\t<\/div>\n\t\t\t\t<\/div>\n\t\t\t\t\t<\/div>\n\t\t<\/div>\n\t\t\t\t\t<\/div>\n\t\t<\/section>\n\t\t\t\t<\/div>\n\t\t","protected":false},"excerpt":{"rendered":"<p>Formation &#8211; Somato \u00e9motionnelle Formation, Techniques 15 septembre 2022 Nouvelle formation en vue !\u00a0\u00a0Le 22 et 23 septembre d\u00e9bute ma formation en somato emotionnel.\u00a0Bient\u00f4t je reprend mes cahiers, mes stylos et mes crayons de couleur.\u00a0Je peux dire que je retourne \u00e9tudier, me former, pour am\u00e9liorer ma pratique.\u00a0Dans quel but ?Pouvoir aider mes patients au maximum et aussi \u00e9voluer en tant que personne.\u00a0Si cela vous int\u00e9resse je vous parlerais plus en d\u00e9tail de cette formation et comment les \u00e9motions peuvent toucher, perturber votre corps.\u00a0En parall\u00e8le, je commence une autre formation en bio \u00e9nerg\u00e9tique au sein de @samadhi_yoga_lyon d\u00e8s ce week end. Si vous souhaitez prendre rdv pour une consultation ost\u00e9opathique ou si vous avez des questions vous pouvez me joindre par sms, appel t\u00e9l\u00e9phonique, email ou prendre rdv sur Doctolib.<\/p>\n","protected":false},"author":1,"featured_media":1063,"comment_status":"open","ping_status":"open","sticky":false,"template":"elementor_header_footer","format":"standard","meta":{"site-sidebar-layout":"default","site-content-layout":"","ast-site-content-layout":"default","site-content-style":"default","site-sidebar-style":"default","ast-global-header-display":"","ast-banner-title-visibility":"","ast-main-header-display":"","ast-hfb-above-header-display":"","ast-hfb-below-header-display":"","ast-hfb-mobile-header-display":"","site-post-title":"","ast-breadcrumbs-content":"","ast-featured-img":"","footer-sml-layout":"","ast-disable-related-posts":"","theme-transparent-header-meta":"","adv-header-id-meta":"","stick-header-meta":"","header-above-stick-meta":"","header-main-stick-meta":"","header-below-stick-meta":"","astra-migrate-meta-layouts":"default","ast-page-background-enabled":"default","ast-page-background-meta":{"desktop":{"background-color":"var(--ast-global-color-4)","background-image":"","background-repeat":"repeat","background-position":"center center","background-size":"auto","background-attachment":"scroll","background-type":"","background-media":"","overlay-type":"","overlay-color":"","overlay-opacity":"","overlay-gradient":""},"tablet":{"background-color":"","background-image":"","background-repeat":"repeat","background-position":"center center","background-size":"auto","background-attachment":"scroll","background-type":"","background-media":"","overlay-type":"","overlay-color":"","overlay-opacity":"","overlay-gradient":""},"mobile":{"background-color":"","background-image":"","background-repeat":"repeat","background-position":"center center","background-size":"auto","background-attachment":"scroll","background-type":"","background-media":"","overlay-type":"","overlay-color":"","overlay-opacity":"","overlay-gradient":""}},"ast-content-background-meta":{"desktop":{"background-color":"var(--ast-global-color-5)","background-image":"","background-repeat":"repeat","background-position":"center center","background-size":"auto","background-attachment":"scroll","background-type":"","background-media":"","overlay-type":"","overlay-color":"","overlay-opacity":"","overlay-gradient":""},"tablet":{"background-color":"var(--ast-global-color-5)","background-image":"","background-repeat":"repeat","background-position":"center center","background-size":"auto","background-attachment":"scroll","background-type":"","background-media":"","overlay-type":"","overlay-color":"","overlay-opacity":"","overlay-gradient":""},"mobile":{"background-color":"var(--ast-global-color-5)","background-image":"","background-repeat":"repeat","background-position":"center center","background-size":"auto","background-attachment":"scroll","background-type":"","background-media":"","overlay-type":"","overlay-color":"","overlay-opacity":"","overlay-gradient":""}},"footnotes":""},"categories":[7,5],"tags":[],"class_list":["post-1062","post","type-post","status-publish","format-standard","has-post-thumbnail","hentry","category-formation","category-techniques"],"yoast_head":"<!-- This site is optimized with the Yoast SEO plugin v27.5 - https:\/\/yoast.com\/product\/yoast-seo-wordpress\/ -->\n<title>Formation - Somato \u00e9motionnelle - Am\u00e9lie Moreno Ost\u00e9opathe<\/title>\n<meta name=\"robots\" content=\"index, follow, max-snippet:-1, max-image-preview:large, max-video-preview:-1\" \/>\n<link rel=\"canonical\" href=\"https:\/\/osteopathe-moreno.com\/index.php\/2022\/09\/15\/formation-somato-emotionnelle\/\" \/>\n<meta property=\"og:locale\" content=\"fr_FR\" \/>\n<meta property=\"og:type\" content=\"article\" \/>\n<meta property=\"og:title\" content=\"Formation - Somato \u00e9motionnelle - Am\u00e9lie Moreno Ost\u00e9opathe\" \/>\n<meta property=\"og:description\" content=\"Formation &#8211; Somato \u00e9motionnelle Formation, Techniques 15 septembre 2022 Nouvelle formation en vue !\u00a0\u00a0Le 22 et 23 septembre d\u00e9bute ma formation en somato emotionnel.\u00a0Bient\u00f4t je reprend mes cahiers, mes stylos et mes crayons de couleur.\u00a0Je peux dire que je retourne \u00e9tudier, me former, pour am\u00e9liorer ma pratique.\u00a0Dans quel but ?Pouvoir aider mes patients au maximum et aussi \u00e9voluer en tant que personne.\u00a0Si cela vous int\u00e9resse je vous parlerais plus en d\u00e9tail de cette formation et comment les \u00e9motions peuvent toucher, perturber votre corps.\u00a0En parall\u00e8le, je commence une autre formation en bio \u00e9nerg\u00e9tique au sein de @samadhi_yoga_lyon d\u00e8s ce week end. Si vous souhaitez prendre rdv pour une consultation ost\u00e9opathique ou si vous avez des questions vous pouvez me joindre par sms, appel t\u00e9l\u00e9phonique, email ou prendre rdv sur Doctolib.\" \/>\n<meta property=\"og:url\" content=\"https:\/\/osteopathe-moreno.com\/index.php\/2022\/09\/15\/formation-somato-emotionnelle\/\" \/>\n<meta property=\"og:site_name\" content=\"Am\u00e9lie Moreno Ost\u00e9opathe\" \/>\n<meta property=\"article:published_time\" content=\"2022-09-15T08:21:00+00:00\" \/>\n<meta property=\"article:modified_time\" content=\"2023-04-03T17:25:23+00:00\" \/>\n<meta property=\"og:image\" content=\"https:\/\/osteopathe-moreno.com\/wp-content\/uploads\/2023\/04\/image-1.jpeg\" \/>\n\t<meta property=\"og:image:width\" content=\"600\" \/>\n\t<meta property=\"og:image:height\" content=\"600\" \/>\n\t<meta property=\"og:image:type\" content=\"image\/jpeg\" \/>\n<meta name=\"author\" content=\"Creations-Marketing\" \/>\n<meta name=\"twitter:card\" content=\"summary_large_image\" \/>\n<meta name=\"twitter:label1\" content=\"\u00c9crit par\" \/>\n\t<meta name=\"twitter:data1\" content=\"Creations-Marketing\" \/>\n\t<meta name=\"twitter:label2\" content=\"Dur\u00e9e de lecture estim\u00e9e\" \/>\n\t<meta name=\"twitter:data2\" content=\"1 minute\" \/>\n<script type=\"application\/ld+json\" class=\"yoast-schema-graph\">{\"@context\":\"https:\\\/\\\/schema.org\",\"@graph\":[{\"@type\":\"Article\",\"@id\":\"https:\\\/\\\/osteopathe-moreno.com\\\/index.php\\\/2022\\\/09\\\/15\\\/formation-somato-emotionnelle\\\/#article\",\"isPartOf\":{\"@id\":\"https:\\\/\\\/osteopathe-moreno.com\\\/index.php\\\/2022\\\/09\\\/15\\\/formation-somato-emotionnelle\\\/\"},\"author\":{\"name\":\"Creations-Marketing\",\"@id\":\"https:\\\/\\\/osteopathe-moreno.com\\\/#\\\/schema\\\/person\\\/acafffbf99f1eaf312c0b67b775c4a85\"},\"headline\":\"Formation &#8211; Somato \u00e9motionnelle\",\"datePublished\":\"2022-09-15T08:21:00+00:00\",\"dateModified\":\"2023-04-03T17:25:23+00:00\",\"mainEntityOfPage\":{\"@id\":\"https:\\\/\\\/osteopathe-moreno.com\\\/index.php\\\/2022\\\/09\\\/15\\\/formation-somato-emotionnelle\\\/\"},\"wordCount\":146,\"commentCount\":0,\"publisher\":{\"@id\":\"https:\\\/\\\/osteopathe-moreno.com\\\/#organization\"},\"image\":{\"@id\":\"https:\\\/\\\/osteopathe-moreno.com\\\/index.php\\\/2022\\\/09\\\/15\\\/formation-somato-emotionnelle\\\/#primaryimage\"},\"thumbnailUrl\":\"https:\\\/\\\/osteopathe-moreno.com\\\/wp-content\\\/uploads\\\/2023\\\/04\\\/image-1.jpeg\",\"articleSection\":[\"Formation\",\"Techniques\"],\"inLanguage\":\"fr-FR\",\"potentialAction\":[{\"@type\":\"CommentAction\",\"name\":\"Comment\",\"target\":[\"https:\\\/\\\/osteopathe-moreno.com\\\/index.php\\\/2022\\\/09\\\/15\\\/formation-somato-emotionnelle\\\/#respond\"]}]},{\"@type\":\"WebPage\",\"@id\":\"https:\\\/\\\/osteopathe-moreno.com\\\/index.php\\\/2022\\\/09\\\/15\\\/formation-somato-emotionnelle\\\/\",\"url\":\"https:\\\/\\\/osteopathe-moreno.com\\\/index.php\\\/2022\\\/09\\\/15\\\/formation-somato-emotionnelle\\\/\",\"name\":\"Formation - Somato \u00e9motionnelle - Am\u00e9lie Moreno Ost\u00e9opathe\",\"isPartOf\":{\"@id\":\"https:\\\/\\\/osteopathe-moreno.com\\\/#website\"},\"primaryImageOfPage\":{\"@id\":\"https:\\\/\\\/osteopathe-moreno.com\\\/index.php\\\/2022\\\/09\\\/15\\\/formation-somato-emotionnelle\\\/#primaryimage\"},\"image\":{\"@id\":\"https:\\\/\\\/osteopathe-moreno.com\\\/index.php\\\/2022\\\/09\\\/15\\\/formation-somato-emotionnelle\\\/#primaryimage\"},\"thumbnailUrl\":\"https:\\\/\\\/osteopathe-moreno.com\\\/wp-content\\\/uploads\\\/2023\\\/04\\\/image-1.jpeg\",\"datePublished\":\"2022-09-15T08:21:00+00:00\",\"dateModified\":\"2023-04-03T17:25:23+00:00\",\"breadcrumb\":{\"@id\":\"https:\\\/\\\/osteopathe-moreno.com\\\/index.php\\\/2022\\\/09\\\/15\\\/formation-somato-emotionnelle\\\/#breadcrumb\"},\"inLanguage\":\"fr-FR\",\"potentialAction\":[{\"@type\":\"ReadAction\",\"target\":[\"https:\\\/\\\/osteopathe-moreno.com\\\/index.php\\\/2022\\\/09\\\/15\\\/formation-somato-emotionnelle\\\/\"]}]},{\"@type\":\"ImageObject\",\"inLanguage\":\"fr-FR\",\"@id\":\"https:\\\/\\\/osteopathe-moreno.com\\\/index.php\\\/2022\\\/09\\\/15\\\/formation-somato-emotionnelle\\\/#primaryimage\",\"url\":\"https:\\\/\\\/osteopathe-moreno.com\\\/wp-content\\\/uploads\\\/2023\\\/04\\\/image-1.jpeg\",\"contentUrl\":\"https:\\\/\\\/osteopathe-moreno.com\\\/wp-content\\\/uploads\\\/2023\\\/04\\\/image-1.jpeg\",\"width\":600,\"height\":600},{\"@type\":\"BreadcrumbList\",\"@id\":\"https:\\\/\\\/osteopathe-moreno.com\\\/index.php\\\/2022\\\/09\\\/15\\\/formation-somato-emotionnelle\\\/#breadcrumb\",\"itemListElement\":[{\"@type\":\"ListItem\",\"position\":1,\"name\":\"Accueil\",\"item\":\"https:\\\/\\\/osteopathe-moreno.com\\\/\"},{\"@type\":\"ListItem\",\"position\":2,\"name\":\"Formation &#8211; Somato \u00e9motionnelle\"}]},{\"@type\":\"WebSite\",\"@id\":\"https:\\\/\\\/osteopathe-moreno.com\\\/#website\",\"url\":\"https:\\\/\\\/osteopathe-moreno.com\\\/\",\"name\":\"Am\u00e9lie Moreno Ost\u00e9opathe\",\"description\":\"Ost\u00e9opathe Sainte Foy Les Lyon\",\"publisher\":{\"@id\":\"https:\\\/\\\/osteopathe-moreno.com\\\/#organization\"},\"potentialAction\":[{\"@type\":\"SearchAction\",\"target\":{\"@type\":\"EntryPoint\",\"urlTemplate\":\"https:\\\/\\\/osteopathe-moreno.com\\\/?s={search_term_string}\"},\"query-input\":{\"@type\":\"PropertyValueSpecification\",\"valueRequired\":true,\"valueName\":\"search_term_string\"}}],\"inLanguage\":\"fr-FR\"},{\"@type\":\"Organization\",\"@id\":\"https:\\\/\\\/osteopathe-moreno.com\\\/#organization\",\"name\":\"Am\u00e9lie Moreno Ost\u00e9opathe\",\"url\":\"https:\\\/\\\/osteopathe-moreno.com\\\/\",\"logo\":{\"@type\":\"ImageObject\",\"inLanguage\":\"fr-FR\",\"@id\":\"https:\\\/\\\/osteopathe-moreno.com\\\/#\\\/schema\\\/logo\\\/image\\\/\",\"url\":\"https:\\\/\\\/osteopathe-moreno.com\\\/wp-content\\\/uploads\\\/2022\\\/03\\\/cropped-Logo-SF-1-copie.png\",\"contentUrl\":\"https:\\\/\\\/osteopathe-moreno.com\\\/wp-content\\\/uploads\\\/2022\\\/03\\\/cropped-Logo-SF-1-copie.png\",\"width\":760,\"height\":710,\"caption\":\"Am\u00e9lie Moreno Ost\u00e9opathe\"},\"image\":{\"@id\":\"https:\\\/\\\/osteopathe-moreno.com\\\/#\\\/schema\\\/logo\\\/image\\\/\"}},{\"@type\":\"Person\",\"@id\":\"https:\\\/\\\/osteopathe-moreno.com\\\/#\\\/schema\\\/person\\\/acafffbf99f1eaf312c0b67b775c4a85\",\"name\":\"Creations-Marketing\",\"image\":{\"@type\":\"ImageObject\",\"inLanguage\":\"fr-FR\",\"@id\":\"https:\\\/\\\/secure.gravatar.com\\\/avatar\\\/b02a74b5eccf9d6515122495ca08bacde5971974477641a61fad069ddf69684d?s=96&d=mm&r=g\",\"url\":\"https:\\\/\\\/secure.gravatar.com\\\/avatar\\\/b02a74b5eccf9d6515122495ca08bacde5971974477641a61fad069ddf69684d?s=96&d=mm&r=g\",\"contentUrl\":\"https:\\\/\\\/secure.gravatar.com\\\/avatar\\\/b02a74b5eccf9d6515122495ca08bacde5971974477641a61fad069ddf69684d?s=96&d=mm&r=g\",\"caption\":\"Creations-Marketing\"},\"sameAs\":[\"http:\\\/\\\/osteopathe-moreno.com\"],\"url\":\"https:\\\/\\\/osteopathe-moreno.com\\\/index.php\\\/author\\\/admin8658\\\/\"}]}<\/script>\n<!-- \/ Yoast SEO plugin. -->","yoast_head_json":{"title":"Formation - Somato \u00e9motionnelle - Am\u00e9lie Moreno Ost\u00e9opathe","robots":{"index":"index","follow":"follow","max-snippet":"max-snippet:-1","max-image-preview":"max-image-preview:large","max-video-preview":"max-video-preview:-1"},"canonical":"https:\/\/osteopathe-moreno.com\/index.php\/2022\/09\/15\/formation-somato-emotionnelle\/","og_locale":"fr_FR","og_type":"article","og_title":"Formation - Somato \u00e9motionnelle - Am\u00e9lie Moreno Ost\u00e9opathe","og_description":"Formation &#8211; Somato \u00e9motionnelle Formation, Techniques 15 septembre 2022 Nouvelle formation en vue !\u00a0\u00a0Le 22 et 23 septembre d\u00e9bute ma formation en somato emotionnel.\u00a0Bient\u00f4t je reprend mes cahiers, mes stylos et mes crayons de couleur.\u00a0Je peux dire que je retourne \u00e9tudier, me former, pour am\u00e9liorer ma pratique.\u00a0Dans quel but ?Pouvoir aider mes patients au maximum et aussi \u00e9voluer en tant que personne.\u00a0Si cela vous int\u00e9resse je vous parlerais plus en d\u00e9tail de cette formation et comment les \u00e9motions peuvent toucher, perturber votre corps.\u00a0En parall\u00e8le, je commence une autre formation en bio \u00e9nerg\u00e9tique au sein de @samadhi_yoga_lyon d\u00e8s ce week end. Si vous souhaitez prendre rdv pour une consultation ost\u00e9opathique ou si vous avez des questions vous pouvez me joindre par sms, appel t\u00e9l\u00e9phonique, email ou prendre rdv sur Doctolib.","og_url":"https:\/\/osteopathe-moreno.com\/index.php\/2022\/09\/15\/formation-somato-emotionnelle\/","og_site_name":"Am\u00e9lie Moreno Ost\u00e9opathe","article_published_time":"2022-09-15T08:21:00+00:00","article_modified_time":"2023-04-03T17:25:23+00:00","og_image":[{"width":600,"height":600,"url":"https:\/\/osteopathe-moreno.com\/wp-content\/uploads\/2023\/04\/image-1.jpeg","type":"image\/jpeg"}],"author":"Creations-Marketing","twitter_card":"summary_large_image","twitter_misc":{"\u00c9crit par":"Creations-Marketing","Dur\u00e9e de lecture estim\u00e9e":"1 minute"},"schema":{"@context":"https:\/\/schema.org","@graph":[{"@type":"Article","@id":"https:\/\/osteopathe-moreno.com\/index.php\/2022\/09\/15\/formation-somato-emotionnelle\/#article","isPartOf":{"@id":"https:\/\/osteopathe-moreno.com\/index.php\/2022\/09\/15\/formation-somato-emotionnelle\/"},"author":{"name":"Creations-Marketing","@id":"https:\/\/osteopathe-moreno.com\/#\/schema\/person\/acafffbf99f1eaf312c0b67b775c4a85"},"headline":"Formation &#8211; Somato \u00e9motionnelle","datePublished":"2022-09-15T08:21:00+00:00","dateModified":"2023-04-03T17:25:23+00:00","mainEntityOfPage":{"@id":"https:\/\/osteopathe-moreno.com\/index.php\/2022\/09\/15\/formation-somato-emotionnelle\/"},"wordCount":146,"commentCount":0,"publisher":{"@id":"https:\/\/osteopathe-moreno.com\/#organization"},"image":{"@id":"https:\/\/osteopathe-moreno.com\/index.php\/2022\/09\/15\/formation-somato-emotionnelle\/#primaryimage"},"thumbnailUrl":"https:\/\/osteopathe-moreno.com\/wp-content\/uploads\/2023\/04\/image-1.jpeg","articleSection":["Formation","Techniques"],"inLanguage":"fr-FR","potentialAction":[{"@type":"CommentAction","name":"Comment","target":["https:\/\/osteopathe-moreno.com\/index.php\/2022\/09\/15\/formation-somato-emotionnelle\/#respond"]}]},{"@type":"WebPage","@id":"https:\/\/osteopathe-moreno.com\/index.php\/2022\/09\/15\/formation-somato-emotionnelle\/","url":"https:\/\/osteopathe-moreno.com\/index.php\/2022\/09\/15\/formation-somato-emotionnelle\/","name":"Formation - Somato \u00e9motionnelle - Am\u00e9lie Moreno Ost\u00e9opathe","isPartOf":{"@id":"https:\/\/osteopathe-moreno.com\/#website"},"primaryImageOfPage":{"@id":"https:\/\/osteopathe-moreno.com\/index.php\/2022\/09\/15\/formation-somato-emotionnelle\/#primaryimage"},"image":{"@id":"https:\/\/osteopathe-moreno.com\/index.php\/2022\/09\/15\/formation-somato-emotionnelle\/#primaryimage"},"thumbnailUrl":"https:\/\/osteopathe-moreno.com\/wp-content\/uploads\/2023\/04\/image-1.jpeg","datePublished":"2022-09-15T08:21:00+00:00","dateModified":"2023-04-03T17:25:23+00:00","breadcrumb":{"@id":"https:\/\/osteopathe-moreno.com\/index.php\/2022\/09\/15\/formation-somato-emotionnelle\/#breadcrumb"},"inLanguage":"fr-FR","potentialAction":[{"@type":"ReadAction","target":["https:\/\/osteopathe-moreno.com\/index.php\/2022\/09\/15\/formation-somato-emotionnelle\/"]}]},{"@type":"ImageObject","inLanguage":"fr-FR","@id":"https:\/\/osteopathe-moreno.com\/index.php\/2022\/09\/15\/formation-somato-emotionnelle\/#primaryimage","url":"https:\/\/osteopathe-moreno.com\/wp-content\/uploads\/2023\/04\/image-1.jpeg","contentUrl":"https:\/\/osteopathe-moreno.com\/wp-content\/uploads\/2023\/04\/image-1.jpeg","width":600,"height":600},{"@type":"BreadcrumbList","@id":"https:\/\/osteopathe-moreno.com\/index.php\/2022\/09\/15\/formation-somato-emotionnelle\/#breadcrumb","itemListElement":[{"@type":"ListItem","position":1,"name":"Accueil","item":"https:\/\/osteopathe-moreno.com\/"},{"@type":"ListItem","position":2,"name":"Formation &#8211; Somato \u00e9motionnelle"}]},{"@type":"WebSite","@id":"https:\/\/osteopathe-moreno.com\/#website","url":"https:\/\/osteopathe-moreno.com\/","name":"Am\u00e9lie Moreno Ost\u00e9opathe","description":"Ost\u00e9opathe Sainte Foy Les Lyon","publisher":{"@id":"https:\/\/osteopathe-moreno.com\/#organization"},"potentialAction":[{"@type":"SearchAction","target":{"@type":"EntryPoint","urlTemplate":"https:\/\/osteopathe-moreno.com\/?s={search_term_string}"},"query-input":{"@type":"PropertyValueSpecification","valueRequired":true,"valueName":"search_term_string"}}],"inLanguage":"fr-FR"},{"@type":"Organization","@id":"https:\/\/osteopathe-moreno.com\/#organization","name":"Am\u00e9lie Moreno Ost\u00e9opathe","url":"https:\/\/osteopathe-moreno.com\/","logo":{"@type":"ImageObject","inLanguage":"fr-FR","@id":"https:\/\/osteopathe-moreno.com\/#\/schema\/logo\/image\/","url":"https:\/\/osteopathe-moreno.com\/wp-content\/uploads\/2022\/03\/cropped-Logo-SF-1-copie.png","contentUrl":"https:\/\/osteopathe-moreno.com\/wp-content\/uploads\/2022\/03\/cropped-Logo-SF-1-copie.png","width":760,"height":710,"caption":"Am\u00e9lie Moreno Ost\u00e9opathe"},"image":{"@id":"https:\/\/osteopathe-moreno.com\/#\/schema\/logo\/image\/"}},{"@type":"Person","@id":"https:\/\/osteopathe-moreno.com\/#\/schema\/person\/acafffbf99f1eaf312c0b67b775c4a85","name":"Creations-Marketing","image":{"@type":"ImageObject","inLanguage":"fr-FR","@id":"https:\/\/secure.gravatar.com\/avatar\/b02a74b5eccf9d6515122495ca08bacde5971974477641a61fad069ddf69684d?s=96&d=mm&r=g","url":"https:\/\/secure.gravatar.com\/avatar\/b02a74b5eccf9d6515122495ca08bacde5971974477641a61fad069ddf69684d?s=96&d=mm&r=g","contentUrl":"https:\/\/secure.gravatar.com\/avatar\/b02a74b5eccf9d6515122495ca08bacde5971974477641a61fad069ddf69684d?s=96&d=mm&r=g","caption":"Creations-Marketing"},"sameAs":["http:\/\/osteopathe-moreno.com"],"url":"https:\/\/osteopathe-moreno.com\/index.php\/author\/admin8658\/"}]}},"_links":{"self":[{"href":"https:\/\/osteopathe-moreno.com\/index.php\/wp-json\/wp\/v2\/posts\/1062","targetHints":{"allow":["GET"]}}],"collection":[{"href":"https:\/\/osteopathe-moreno.com\/index.php\/wp-json\/wp\/v2\/posts"}],"about":[{"href":"https:\/\/osteopathe-moreno.com\/index.php\/wp-json\/wp\/v2\/types\/post"}],"author":[{"embeddable":true,"href":"https:\/\/osteopathe-moreno.com\/index.php\/wp-json\/wp\/v2\/users\/1"}],"replies":[{"embeddable":true,"href":"https:\/\/osteopathe-moreno.com\/index.php\/wp-json\/wp\/v2\/comments?post=1062"}],"version-history":[{"count":7,"href":"https:\/\/osteopathe-moreno.com\/index.php\/wp-json\/wp\/v2\/posts\/1062\/revisions"}],"predecessor-version":[{"id":1070,"href":"https:\/\/osteopathe-moreno.com\/index.php\/wp-json\/wp\/v2\/posts\/1062\/revisions\/1070"}],"wp:featuredmedia":[{"embeddable":true,"href":"https:\/\/osteopathe-moreno.com\/index.php\/wp-json\/wp\/v2\/media\/1063"}],"wp:attachment":[{"href":"https:\/\/osteopathe-moreno.com\/index.php\/wp-json\/wp\/v2\/media?parent=1062"}],"wp:term":[{"taxonomy":"category","embeddable":true,"href":"https:\/\/osteopathe-moreno.com\/index.php\/wp-json\/wp\/v2\/categories?post=1062"},{"taxonomy":"post_tag","embeddable":true,"href":"https:\/\/osteopathe-moreno.com\/index.php\/wp-json\/wp\/v2\/tags?post=1062"}],"curies":[{"name":"wp","href":"https:\/\/api.w.org\/{rel}","templated":true}]}}